{"id":13087,"date":"2020-01-04T09:16:52","date_gmt":"2020-01-04T09:16:52","guid":{"rendered":"http:\/\/soeurs-de-stgildas-nantes.cef.fr\/?p=13087"},"modified":"2020-01-04T09:16:52","modified_gmt":"2020-01-04T09:16:52","slug":"la-paixchemin-desperance-decoute","status":"publish","type":"post","link":"https:\/\/soeurs-de-stgildas-nantes.cef.fr\/?p=13087","title":{"rendered":"La Paix:chemin d&rsquo;Esp\u00e9rance, d&rsquo;\u00e9coute.."},"content":{"rendered":"\n<p style=\"text-align:center\" class=\"has-medium-font-size\"><strong>La Paix est un bien pr\u00e9cieux <\/strong><\/p>\n\n\n\n<p style=\"text-align:center\" class=\"has-medium-font-size\"><strong>auquel aspire toute l&rsquo;humanit\u00e9 &#8230;<\/strong><\/p>\n\n\n\n<p class=\"has-text-color has-very-light-gray-color\">&#8212;<\/p>\n\n\n\n<div class=\"wp-block-media-text alignwide\" style=\"grid-template-columns:38% auto\"><figure class=\"wp-block-media-text__media\"><img loading=\"lazy\" decoding=\"async\" width=\"1024\" height=\"1020\" src=\"http:\/\/soeurs-de-stgildas-nantes.cef.fr\/wp-content\/uploads\/2020\/01\/Paix-1024x1020.png\" alt=\"\" class=\"wp-image-13092\" srcset=\"https:\/\/soeurs-de-stgildas-nantes.cef.fr\/wp-content\/uploads\/2020\/01\/Paix-1024x1020.png 1024w, https:\/\/soeurs-de-stgildas-nantes.cef.fr\/wp-content\/uploads\/2020\/01\/Paix-150x150.png 150w, https:\/\/soeurs-de-stgildas-nantes.cef.fr\/wp-content\/uploads\/2020\/01\/Paix-300x300.png 300w, https:\/\/soeurs-de-stgildas-nantes.cef.fr\/wp-content\/uploads\/2020\/01\/Paix-768x765.png 768w, https:\/\/soeurs-de-stgildas-nantes.cef.fr\/wp-content\/uploads\/2020\/01\/Paix.png 1461w\" sizes=\"auto, (max-width: 1024px) 100vw, 1024px\" \/><\/figure><div class=\"wp-block-media-text__content\">\n<p class=\"has-text-color has-vivid-green-cyan-color\">\u00ab\u00a0<strong>La Paix est un \u00e9difice <\/strong><\/p>\n\n\n\n<p class=\"has-text-color has-vivid-green-cyan-color\"><strong>sans cesse \u00e0 construire,<\/strong><\/p>\n\n\n\n<p class=\"has-text-color has-vivid-green-cyan-color\"><strong>un chemin que<\/strong> <\/p>\n\n\n\n<p class=\"has-text-color has-vivid-green-cyan-color\"><strong>nous faisons ensemble,<\/strong><\/p>\n\n\n\n<p class=\"has-text-color has-vivid-green-cyan-color\"><strong>dans l&rsquo;\u00e9coute,<\/strong><\/p>\n\n\n\n<p class=\"has-text-color has-vivid-green-cyan-color\"><strong>l&rsquo;estime de l&rsquo;autre,<\/strong><\/p>\n\n\n\n<p class=\"has-text-color has-vivid-green-cyan-color\"><strong>bas\u00e9e sur la justice <\/strong><\/p>\n\n\n\n<p class=\"has-text-color has-vivid-green-cyan-color\"><strong>et le dialogue&#8230;\u00a0\u00bb<\/strong><\/p>\n\n\n\n<p style=\"font-size:12px\"><\/p>\n\n\n\n<p><br><\/p>\n<\/div><\/div>\n\n\n\n<p style=\"font-size:12px\"><em>(de la Lettre du Pape Fran\u00e7ois)<\/em><\/p>\n\n\n\n<p>&#8212;&#8212;&#8212;&#8212;&#8212;&#8212;&#8212;&#8212;&#8212;&#8212;&#8212;&#8212;&#8212;&#8212;&#8212;&#8212;&#8212;&#8212;&#8212;&#8212;&#8212;&#8212;&#8212;&#8212;&#8212;&#8212;&#8212;&#8212;&#8212;&#8212;&#8212;&#8211;<\/p>\n","protected":false},"excerpt":{"rendered":"<p>La Paix est un bien pr\u00e9cieux auquel aspire toute l&rsquo;humanit\u00e9 &#8230; &#8212; \u00ab\u00a0La Paix est un \u00e9difice sans cesse \u00e0 construire, un chemin que nous faisons ensemble, dans l&rsquo;\u00e9coute, l&rsquo;estime de l&rsquo;autre, bas\u00e9e sur la justice et le dialogue&#8230;\u00a0\u00bb (de la Lettre du Pape Fran\u00e7ois) &#8212;&#8212;&#8212;&#8212;&#8212;&#8212;&#8212;&#8212;&#8212;&#8212;&#8212;&#8212;&#8212;&#8212;&#8212;&#8212;&#8212;&#8212;&#8212;&#8212;&#8212;&#8212;&#8212;&#8212;&#8212;&#8212;&#8212;&#8212;&#8212;&#8212;&#8212;&#8211;<\/p>\n","protected":false},"author":6,"featured_media":0,"comment_status":"closed","ping_status":"closed","sticky":false,"template":"","format":"standard","meta":{"ngg_post_thumbnail":0,"footnotes":""},"categories":[18],"tags":[],"class_list":["post-13087","post","type-post","status-publish","format-standard","hentry","category-accueil"],"_links":{"self":[{"href":"https:\/\/soeurs-de-stgildas-nantes.cef.fr\/index.php?rest_route=\/wp\/v2\/posts\/13087","targetHints":{"allow":["GET"]}}],"collection":[{"href":"https:\/\/soeurs-de-stgildas-nantes.cef.fr\/index.php?rest_route=\/wp\/v2\/posts"}],"about":[{"href":"https:\/\/soeurs-de-stgildas-nantes.cef.fr\/index.php?rest_route=\/wp\/v2\/types\/post"}],"author":[{"embeddable":true,"href":"https:\/\/soeurs-de-stgildas-nantes.cef.fr\/index.php?rest_route=\/wp\/v2\/users\/6"}],"replies":[{"embeddable":true,"href":"https:\/\/soeurs-de-stgildas-nantes.cef.fr\/index.php?rest_route=%2Fwp%2Fv2%2Fcomments&post=13087"}],"version-history":[{"count":8,"href":"https:\/\/soeurs-de-stgildas-nantes.cef.fr\/index.php?rest_route=\/wp\/v2\/posts\/13087\/revisions"}],"predecessor-version":[{"id":13096,"href":"https:\/\/soeurs-de-stgildas-nantes.cef.fr\/index.php?rest_route=\/wp\/v2\/posts\/13087\/revisions\/13096"}],"wp:attachment":[{"href":"https:\/\/soeurs-de-stgildas-nantes.cef.fr\/index.php?rest_route=%2Fwp%2Fv2%2Fmedia&parent=13087"}],"wp:term":[{"taxonomy":"category","embeddable":true,"href":"https:\/\/soeurs-de-stgildas-nantes.cef.fr\/index.php?rest_route=%2Fwp%2Fv2%2Fcategories&post=13087"},{"taxonomy":"post_tag","embeddable":true,"href":"https:\/\/soeurs-de-stgildas-nantes.cef.fr\/index.php?rest_route=%2Fwp%2Fv2%2Ftags&post=13087"}],"curies":[{"name":"wp","href":"https:\/\/api.w.org\/{rel}","templated":true}]}}